{"id":81405,"date":"2025-10-22T15:11:38","date_gmt":"2025-10-22T14:11:38","guid":{"rendered":"https:\/\/formations-vendee.com\/cofae\/?p=81405"},"modified":"2025-10-22T15:12:52","modified_gmt":"2025-10-22T14:12:52","slug":"octobre-rose-a-cofae","status":"publish","type":"post","link":"https:\/\/formations-vendee.com\/cofae\/2025\/10\/22\/octobre-rose-a-cofae\/","title":{"rendered":"Octobre rose au COFAE"},"content":{"rendered":"<p data-start=\"498\" data-end=\"832\">Chaque ann\u00e9e, le mois d\u2019octobre se teinte de rose pour une cause qui nous concerne tous : la <strong data-start=\"591\" data-end=\"625\">lutte contre le cancer du sein<\/strong>.<br data-start=\"626\" data-end=\"629\" \/>Cette campagne nationale, baptis\u00e9e <strong data-start=\"664\" data-end=\"680\">Octobre Rose<\/strong>, vise \u00e0 <strong data-start=\"689\" data-end=\"728\">informer, sensibiliser et mobiliser<\/strong> autour du d\u00e9pistage et de la pr\u00e9vention de cette maladie qui touche encore trop de femmes chaque ann\u00e9e.<\/p>\n<p data-start=\"834\" data-end=\"1263\">Du <strong data-start=\"837\" data-end=\"857\">13 au 17 octobre<\/strong>, les apprenants de <strong data-start=\"877\" data-end=\"906\">COFAE \/ Formations Vend\u00e9e<\/strong> ont pris part, avec enthousiasme et conviction, \u00e0 une semaine d\u2019actions solidaires et de sensibilisation.<br data-start=\"1012\" data-end=\"1015\" \/>Encadr\u00e9s par l\u2019\u00e9quipe p\u00e9dagogique, ils ont d\u00e9montr\u00e9 qu\u2019au-del\u00e0 des comp\u00e9tences techniques et commerciales qu\u2019ils acqui\u00e8rent chaque jour, ils savent aussi faire preuve de <strong data-start=\"1185\" data-end=\"1212\">valeurs humaines fortes<\/strong> : solidarit\u00e9, bienveillance et engagement citoyen.<\/p>\n<p data-start=\"1265\" data-end=\"1479\">Entre <strong data-start=\"1271\" data-end=\"1291\">marche solidaire<\/strong>, <strong data-start=\"1293\" data-end=\"1314\">accessoires roses<\/strong> et <strong data-start=\"1318\" data-end=\"1339\">moments d\u2019\u00e9change<\/strong>, cette initiative illustre parfaitement l\u2019esprit COFAE : <strong data-start=\"1397\" data-end=\"1478\">former des professionnels comp\u00e9tents, responsables et engag\u00e9s dans la soci\u00e9t\u00e9<\/strong>.<\/p>\n<h2 data-start=\"1486\" data-end=\"1550\"><strong data-start=\"1489\" data-end=\"1550\">Une mobilisation collective pour une cause universelle<\/strong><\/h2>\n<h3 data-start=\"1552\" data-end=\"1630\"><strong data-start=\"1556\" data-end=\"1630\">Octobre Rose : bien plus qu\u2019une couleur, un mouvement de solidarit\u00e9<\/strong><\/h3>\n<p data-start=\"1632\" data-end=\"2048\">Depuis plus de trente ans, le mois d\u2019octobre est symbolis\u00e9 par le ruban rose, signe d\u2019espoir et de soutien \u00e0 toutes les personnes touch\u00e9es par le cancer du sein.<br data-start=\"1793\" data-end=\"1796\" \/>En France, ce mouvement est aujourd\u2019hui devenu <strong data-start=\"1843\" data-end=\"1873\">un v\u00e9ritable \u00e9lan national<\/strong>, rassemblant associations, entreprises, \u00e9tablissements scolaires et citoyens autour d\u2019un m\u00eame objectif : <strong data-start=\"1979\" data-end=\"2047\">faire reculer la maladie gr\u00e2ce \u00e0 la pr\u00e9vention et \u00e0 la recherche<\/strong>.<\/p>\n<p data-start=\"2050\" data-end=\"2418\"><a href=\"https:\/\/formations-vendee.com\/cofae\/\">COFAE<\/a> \/ Formations Vend\u00e9e, en tant que centre de formation engag\u00e9 dans l\u2019humain, s\u2019inscrit pleinement dans cette d\u00e9marche.<br data-start=\"2172\" data-end=\"2175\" \/>En rejoignant le mouvement <strong data-start=\"2202\" data-end=\"2218\">Octobre Rose<\/strong>, l\u2019\u00e9tablissement rappelle que <strong data-start=\"2249\" data-end=\"2332\">la formation ne se limite pas \u00e0 l\u2019apprentissage de comp\u00e9tences professionnelles<\/strong> : elle est aussi un moyen de <strong data-start=\"2362\" data-end=\"2417\">transmettre des valeurs de solidarit\u00e9 et d\u2019entraide<\/strong>.<\/p>\n<p data-start=\"2420\" data-end=\"2718\">L\u2019\u00e9quipe p\u00e9dagogique a souhait\u00e9 donner \u00e0 cette semaine un <strong data-start=\"2478\" data-end=\"2518\">caract\u00e8re participatif et accessible<\/strong>, afin que chaque apprenant puisse y contribuer \u00e0 sa mani\u00e8re.<br data-start=\"2579\" data-end=\"2582\" \/>Que ce soit en marchant, en portant du rose ou simplement en partageant un message, chacun a trouv\u00e9 sa place dans ce bel \u00e9lan collectif.<\/p>\n<h3 data-start=\"2995\" data-end=\"3077\"><strong data-start=\"2999\" data-end=\"3077\">Marches solidaires et gestes symboliques : une semaine d\u2019actions fortes<\/strong><\/h3>\n<p data-start=\"3079\" data-end=\"3323\">Pendant toute la semaine du 13 au 17 octobre, les apprenants se sont mobilis\u00e9s autour de <strong data-start=\"3168\" data-end=\"3192\">deux grandes actions<\/strong> :<br data-start=\"3194\" data-end=\"3197\" \/>une <strong data-start=\"3204\" data-end=\"3236\">marche solidaire quotidienne<\/strong>, et<br data-start=\"3240\" data-end=\"3243\" \/>le port d\u2019un <strong data-start=\"3259\" data-end=\"3293\">accessoire ou d\u2019une tenue rose<\/strong> pour afficher leur soutien.<\/p>\n<h4 data-start=\"3325\" data-end=\"3382\"><strong data-start=\"3330\" data-end=\"3382\">La marche solidaire : bouger pour la bonne cause<\/strong><\/h4>\n<p data-start=\"3384\" data-end=\"3648\">Chaque jour, \u00e0 la pause de midi, formateurs et apprenants ont quitt\u00e9 les salles de cours pour partager un moment simple, mais porteur de sens : <strong data-start=\"3528\" data-end=\"3562\">marcher ensemble pour la sant\u00e9<\/strong>.<br data-start=\"3563\" data-end=\"3566\" \/>Ces marches, organis\u00e9es dans une ambiance conviviale, avaient un double objectif :<\/p>\n<ul data-start=\"3649\" data-end=\"3822\">\n<li data-start=\"3649\" data-end=\"3746\">\n<p data-start=\"3651\" data-end=\"3746\"><strong data-start=\"3651\" data-end=\"3685\">Encourager l\u2019activit\u00e9 physique<\/strong>, reconnue pour ses bienfaits dans la pr\u00e9vention du cancer,<\/p>\n<\/li>\n<li data-start=\"3747\" data-end=\"3822\">\n<p data-start=\"3749\" data-end=\"3822\">et <strong data-start=\"3752\" data-end=\"3789\">sensibiliser au d\u00e9pistage pr\u00e9coce<\/strong>, essentiel pour sauver des vies.<\/p>\n<\/li>\n<\/ul>\n<p data-start=\"3824\" data-end=\"4011\">Les participants arboraient fi\u00e8rement le ruban rose, symbole universel de la lutte contre le cancer du sein, et partageaient parfois des t\u00e9moignages personnels ou des messages de soutien.<\/p>\n<p data-start=\"4013\" data-end=\"4145\">Ces moments de marche ont permis de renforcer les liens entre les apprenants tout en diffusant un <strong data-start=\"4111\" data-end=\"4141\">message de pr\u00e9vention fort<\/strong> :<\/p>\n<h4 data-start=\"4239\" data-end=\"4291\"><strong data-start=\"4244\" data-end=\"4291\">Le rose comme signe d\u2019unit\u00e9 et d\u2019engagement<\/strong><\/h4>\n<p data-start=\"4293\" data-end=\"4564\">Tout au long de la semaine, les couloirs et les salles de <a href=\"https:\/\/formations-vendee.com\/cofae\/\">COFAE <\/a>\/ Formations Vend\u00e9e se sont habill\u00e9s de rose.<br data-start=\"4402\" data-end=\"4405\" \/>\u00c9charpes, t-shirts, accessoires, d\u00e9corations\u2026 Le rose, couleur de la compassion et du soutien, a symbolis\u00e9 la <strong data-start=\"4515\" data-end=\"4563\">solidarit\u00e9 de toute une communaut\u00e9 \u00e9ducative<\/strong>.<\/p>\n<p data-start=\"4566\" data-end=\"4760\">Chaque apprenant, en choisissant de porter un signe distinctif, a particip\u00e9 \u00e0 <strong data-start=\"4644\" data-end=\"4671\">rendre visible la cause<\/strong> et \u00e0 <strong data-start=\"4677\" data-end=\"4759\">montrer que la sensibilisation passe aussi par les gestes simples du quotidien<\/strong>.<\/p>\n<h2 data-start=\"4767\" data-end=\"4842\"><strong data-start=\"4770\" data-end=\"4842\">COFAE \/ Formations Vend\u00e9e : des apprenants acteurs du changement<\/strong><\/h2>\n<h3 data-start=\"4844\" data-end=\"4911\"><strong data-start=\"4848\" data-end=\"4911\">L\u2019engagement citoyen, une valeur au c\u0153ur de la p\u00e9dagogie<\/strong><\/h3>\n<p data-start=\"4913\" data-end=\"5219\">\u00c0 <strong data-start=\"4915\" data-end=\"4944\"><a href=\"https:\/\/formations-vendee.com\/cofae\/\">COFAE<\/a> \/ Formations Vend\u00e9e<\/strong>, la formation d\u00e9passe la simple transmission de savoirs techniques.<br data-start=\"5012\" data-end=\"5015\" \/>L\u2019\u00e9tablissement a toujours eu pour ambition de <strong data-start=\"5062\" data-end=\"5104\">former des professionnels responsables<\/strong>, capables d\u2019\u00e9voluer dans un monde en mutation tout en restant connect\u00e9s \u00e0 des valeurs humaines et sociales fortes.<\/p>\n<p data-start=\"5221\" data-end=\"5520\">Les projets comme <strong data-start=\"5239\" data-end=\"5255\">Octobre Rose<\/strong> s\u2019inscrivent dans une d\u00e9marche p\u00e9dagogique plus large : apprendre \u00e0 s\u2019impliquer, \u00e0 travailler en \u00e9quipe, \u00e0 communiquer et \u00e0 donner du sens \u00e0 ses actions.<br data-start=\"5409\" data-end=\"5412\" \/>Ces comp\u00e9tences, aussi appel\u00e9es <em data-start=\"5444\" data-end=\"5457\">soft skills<\/em>, sont aujourd\u2019hui <strong data-start=\"5476\" data-end=\"5519\">indispensables dans le monde du travail<\/strong>.<\/p>\n<p data-start=\"5736\" data-end=\"5942\">En encourageant les apprenants \u00e0 s\u2019investir dans des projets soci\u00e9taux, <strong data-start=\"5808\" data-end=\"5817\">COFAE<\/strong> d\u00e9veloppe leur <strong data-start=\"5833\" data-end=\"5895\">autonomie, leur sens de la responsabilit\u00e9 et leur empathie<\/strong>, des qualit\u00e9s recherch\u00e9es par les entreprises.<\/p>\n<p data-start=\"5944\" data-end=\"6112\">Cette approche humaine et participative fait partie int\u00e9grante de la philosophie de COFAE :<br data-start=\"6035\" data-end=\"6038\" \/><strong data-start=\"6038\" data-end=\"6111\">former des professionnels comp\u00e9tents, mais aussi des citoyens engag\u00e9s<\/strong>.<\/p>\n<h3 data-start=\"6119\" data-end=\"6199\"><strong data-start=\"6123\" data-end=\"6199\">Quand la formation professionnelle devient un levier d\u2019impact positif<\/strong><\/h3>\n<p data-start=\"6201\" data-end=\"6546\">Les m\u00e9tiers de la <strong data-start=\"6219\" data-end=\"6228\">vente<\/strong> et du <strong data-start=\"6235\" data-end=\"6247\">commerce<\/strong>, au c\u0153ur des formations propos\u00e9es par <strong data-start=\"6286\" data-end=\"6315\"><a href=\"https:\/\/formations-vendee.com\/cofae\/\">COFAE<\/a> \/ Formations Vend\u00e9e<\/strong>, reposent avant tout sur la <strong data-start=\"6344\" data-end=\"6364\">relation humaine<\/strong>.<br data-start=\"6365\" data-end=\"6368\" \/>Savoir \u00e9couter, comprendre les besoins, cr\u00e9er du lien et inspirer confiance : autant de qualit\u00e9s que les apprenants cultivent au quotidien, que ce soit en cours ou en entreprise.<\/p>\n<p data-start=\"6548\" data-end=\"6757\">Participer \u00e0 <strong data-start=\"6561\" data-end=\"6577\">Octobre rose<\/strong> renforce ces qualit\u00e9s et donne une dimension plus profonde \u00e0 leur apprentissage.<br data-start=\"6658\" data-end=\"6661\" \/>Ils apprennent que <strong data-start=\"6680\" data-end=\"6756\">l\u2019engagement professionnel peut aller de pair avec l\u2019engagement soci\u00e9tal<\/strong>.<\/p>\n<p data-start=\"6759\" data-end=\"6867\">L\u2019\u00e9quipe p\u00e9dagogique accompagne d\u2019ailleurs ces initiatives pour en faire des <strong data-start=\"6836\" data-end=\"6863\">exp\u00e9riences formatrices<\/strong> :<\/p>\n<ul data-start=\"6868\" data-end=\"6994\">\n<li data-start=\"6868\" data-end=\"6895\">\n<p data-start=\"6870\" data-end=\"6895\">pr\u00e9paration logistique,<\/p>\n<\/li>\n<li data-start=\"6896\" data-end=\"6922\">\n<p data-start=\"6898\" data-end=\"6922\">communication interne,<\/p>\n<\/li>\n<li data-start=\"6923\" data-end=\"6949\">\n<p data-start=\"6925\" data-end=\"6949\">coordination d\u2019\u00e9quipe,<\/p>\n<\/li>\n<li data-start=\"6950\" data-end=\"6994\">\n<p data-start=\"6952\" data-end=\"6994\">gestion du temps et des responsabilit\u00e9s.<\/p>\n<\/li>\n<\/ul>\n<p data-start=\"6996\" data-end=\"7161\">Ces actions solidaires deviennent ainsi de <strong data-start=\"7039\" data-end=\"7074\">v\u00e9ritables projets p\u00e9dagogiques<\/strong>, o\u00f9 les apprenants d\u00e9veloppent des comp\u00e9tences transversales valorisables sur leur CV.<\/p>\n<p data-start=\"7275\" data-end=\"7497\"><a href=\"https:\/\/formations-vendee.com\/cofae\/\">COFAE<\/a> \/ Formations Vend\u00e9e prouve une fois encore qu\u2019il est possible d\u2019allier <strong data-start=\"7352\" data-end=\"7381\">formation professionnelle<\/strong> et <strong data-start=\"7385\" data-end=\"7410\">impact social positif<\/strong>, en formant une nouvelle g\u00e9n\u00e9ration de talents conscients, responsables et solidaires.<\/p>\n<p data-start=\"7275\" data-end=\"7497\">\n","protected":false},"excerpt":{"rendered":"<p>Chaque ann\u00e9e, le mois d\u2019octobre se teinte de rose pour une cause qui nous concerne tous : la lutte contre le cancer du sein.Cette campagne nationale, baptis\u00e9e Octobre Rose, vise \u00e0 informer, sensibiliser et mobiliser autour du d\u00e9pistage et de la pr\u00e9vention de cette maladie qui touche encore trop de femmes chaque ann\u00e9e. Du 13 [&hellip;]<\/p>\n","protected":false},"author":652,"featured_media":81406,"comment_status":"open","ping_status":"open","sticky":false,"template":"","format":"standard","meta":{"_acf_changed":false,"_seopress_robots_primary_cat":"","_seopress_titles_title":"","_seopress_titles_desc":"","_seopress_robots_index":"","footnotes":""},"categories":[1],"tags":[],"class_list":["post-81405","post","type-post","status-publish","format-standard","has-post-thumbnail","hentry","category-non-classe"],"acf":[],"_links":{"self":[{"href":"https:\/\/formations-vendee.com\/cofae\/wp-json\/wp\/v2\/posts\/81405","targetHints":{"allow":["GET"]}}],"collection":[{"href":"https:\/\/formations-vendee.com\/cofae\/wp-json\/wp\/v2\/posts"}],"about":[{"href":"https:\/\/formations-vendee.com\/cofae\/wp-json\/wp\/v2\/types\/post"}],"author":[{"embeddable":true,"href":"https:\/\/formations-vendee.com\/cofae\/wp-json\/wp\/v2\/users\/652"}],"replies":[{"embeddable":true,"href":"https:\/\/formations-vendee.com\/cofae\/wp-json\/wp\/v2\/comments?post=81405"}],"version-history":[{"count":4,"href":"https:\/\/formations-vendee.com\/cofae\/wp-json\/wp\/v2\/posts\/81405\/revisions"}],"predecessor-version":[{"id":81411,"href":"https:\/\/formations-vendee.com\/cofae\/wp-json\/wp\/v2\/posts\/81405\/revisions\/81411"}],"wp:featuredmedia":[{"embeddable":true,"href":"https:\/\/formations-vendee.com\/cofae\/wp-json\/wp\/v2\/media\/81406"}],"wp:attachment":[{"href":"https:\/\/formations-vendee.com\/cofae\/wp-json\/wp\/v2\/media?parent=81405"}],"wp:term":[{"taxonomy":"category","embeddable":true,"href":"https:\/\/formations-vendee.com\/cofae\/wp-json\/wp\/v2\/categories?post=81405"},{"taxonomy":"post_tag","embeddable":true,"href":"https:\/\/formations-vendee.com\/cofae\/wp-json\/wp\/v2\/tags?post=81405"}],"curies":[{"name":"wp","href":"https:\/\/api.w.org\/{rel}","templated":true}]}}