{"id":81401,"date":"2025-10-22T15:01:00","date_gmt":"2025-10-22T14:01:00","guid":{"rendered":"https:\/\/formations-vendee.com\/cofae\/?p=81401"},"modified":"2025-10-22T15:01:00","modified_gmt":"2025-10-22T14:01:00","slug":"nouveaux-apprenants-au-cofae","status":"publish","type":"post","link":"https:\/\/formations-vendee.com\/cofae\/2025\/10\/22\/nouveaux-apprenants-au-cofae\/","title":{"rendered":"Nouveaux apprenants au COFAE"},"content":{"rendered":"<p data-start=\"446\" data-end=\"1008\">La semaine derni\u00e8re, <a href=\"https:\/\/formations-vendee.com\/cofae\/\">COFAE<\/a> \/ Formations Vend\u00e9e a accueilli ses nouveaux apprenants pour la <strong data-start=\"537\" data-end=\"588\">pr\u00e9-rentr\u00e9e des formations Vente et Commerciale<\/strong>. Une journ\u00e9e riche en \u00e9changes, en d\u00e9couvertes et en ambitions, marquant le d\u00e9but d\u2019une aventure professionnelle prometteuse.<\/p>\n<p data-start=\"1010\" data-end=\"1235\">Mais que repr\u00e9sente r\u00e9ellement cette rentr\u00e9e pour les nouveaux apprenants ? Et pourquoi choisir COFAE \/ Formations Vend\u00e9e pour se former aux m\u00e9tiers du commerce ?<br data-start=\"1172\" data-end=\"1175\" \/>Plongeons au c\u0153ur de cette exp\u00e9rience formatrice et humaine.<\/p>\n<h2 data-start=\"1242\" data-end=\"1317\"><strong data-start=\"1245\" data-end=\"1317\">Une pr\u00e9-rentr\u00e9e au service de la r\u00e9ussite des nouveaux apprenants<\/strong><\/h2>\n<h3 data-start=\"1319\" data-end=\"1377\"><strong data-start=\"1323\" data-end=\"1377\">Une journ\u00e9e d\u2019accueil conviviale et informative<\/strong><\/h3>\n<p data-start=\"1379\" data-end=\"1609\">L\u2019arriv\u00e9e des nouveaux apprenants \u00e0 <strong data-start=\"1415\" data-end=\"1444\"><a href=\"https:\/\/formations-vendee.com\/cofae\/\">COFAE<\/a> \/ Formations Vend\u00e9e<\/strong> est toujours un moment fort. Cette <strong data-start=\"1480\" data-end=\"1495\">pr\u00e9-rentr\u00e9e<\/strong> a pour objectif de cr\u00e9er un lien entre les \u00e9tudiants, les formateurs et l\u2019\u00e9quipe p\u00e9dagogique d\u00e8s le premier jour.<\/p>\n<p data-start=\"1611\" data-end=\"1964\">Durant cette journ\u00e9e, les formateurs ont pr\u00e9sent\u00e9 les <strong data-start=\"1665\" data-end=\"1700\">valeurs cl\u00e9s de l\u2019\u00e9tablissement<\/strong> : professionnalisme, engagement et accompagnement. Les futurs alternants ont pu d\u00e9couvrir les diff\u00e9rents espaces du centre de formation, comprendre les processus administratifs et p\u00e9dagogiques, et poser toutes leurs questions sur le fonctionnement de leur cursus.<\/p>\n<p data-start=\"1966\" data-end=\"1990\">L\u2019accent a \u00e9t\u00e9 mis sur :<\/p>\n<ul data-start=\"1991\" data-end=\"2166\">\n<li data-start=\"1991\" data-end=\"2051\">\n<p data-start=\"1993\" data-end=\"2051\">la <strong data-start=\"1996\" data-end=\"2027\">pr\u00e9sentation des formations<\/strong> en vente et commerce,<\/p>\n<\/li>\n<li data-start=\"2052\" data-end=\"2090\">\n<p data-start=\"2054\" data-end=\"2090\">les <strong data-start=\"2058\" data-end=\"2087\">modalit\u00e9s de l\u2019alternance<\/strong>,<\/p>\n<\/li>\n<li data-start=\"2091\" data-end=\"2166\">\n<p data-start=\"2093\" data-end=\"2166\">et les <strong data-start=\"2100\" data-end=\"2133\">opportunit\u00e9s professionnelles<\/strong> offertes \u00e0 la fin du parcours.<\/p>\n<\/li>\n<\/ul>\n<p data-start=\"2168\" data-end=\"2396\">Les \u00e9changes avec les r\u00e9f\u00e9rents de formation, ont permis \u00e0 chacun d\u2019aborder cette nouvelle \u00e9tape avec clart\u00e9 et motivation.<\/p>\n<p data-start=\"2398\" data-end=\"2570\">L\u2019ambiance, \u00e0 la fois studieuse et bienveillante, refl\u00e8te l\u2019esprit COFAE : apprendre dans un cadre humain et stimulant, o\u00f9 chaque apprenant est accompagn\u00e9 vers la r\u00e9ussite.<\/p>\n<h3 data-start=\"2577\" data-end=\"2630\"><strong data-start=\"2581\" data-end=\"2630\">L\u2019alternance au c\u0153ur de la p\u00e9dagogie COFAE<\/strong><\/h3>\n<p data-start=\"2632\" data-end=\"2945\">COFAE \/ Formations Vend\u00e9e met un point d\u2019honneur \u00e0 faire de <strong data-start=\"2692\" data-end=\"2708\">l\u2019alternance<\/strong> un v\u00e9ritable tremplin vers l\u2019emploi.<br data-start=\"2745\" data-end=\"2748\" \/>Ce mode d\u2019apprentissage, m\u00ealant <strong data-start=\"2780\" data-end=\"2803\">formation th\u00e9orique<\/strong> et <strong data-start=\"2807\" data-end=\"2835\">exp\u00e9rience en entreprise<\/strong>, permet aux \u00e9tudiants de d\u00e9velopper des comp\u00e9tences concr\u00e8tes tout en construisant leur r\u00e9seau professionnel.<\/p>\n<p data-start=\"2947\" data-end=\"3075\">Les formations en <strong data-start=\"2965\" data-end=\"2986\">vente et commerce<\/strong> sont con\u00e7ues pour r\u00e9pondre aux besoins actuels du march\u00e9. Les apprenants sont form\u00e9s \u00e0 :<\/p>\n<ul data-start=\"3076\" data-end=\"3213\">\n<li data-start=\"3076\" data-end=\"3103\">\n<p data-start=\"3078\" data-end=\"3103\">la <strong data-start=\"3081\" data-end=\"3100\">relation client<\/strong>,<\/p>\n<\/li>\n<li data-start=\"3104\" data-end=\"3139\">\n<p data-start=\"3106\" data-end=\"3139\">la <strong data-start=\"3109\" data-end=\"3136\">prospection commerciale<\/strong>,<\/p>\n<\/li>\n<li data-start=\"3140\" data-end=\"3175\">\n<p data-start=\"3142\" data-end=\"3175\">la <strong data-start=\"3145\" data-end=\"3172\">gestion de portefeuille<\/strong>,<\/p>\n<\/li>\n<li data-start=\"3176\" data-end=\"3213\">\n<p data-start=\"3178\" data-end=\"3213\">et l\u2019<strong data-start=\"3183\" data-end=\"3210\">optimisation des ventes<\/strong>.<\/p>\n<\/li>\n<\/ul>\n<p data-start=\"3215\" data-end=\"3416\">En alternant entre cours et entreprise, les apprenants d\u00e9couvrent la r\u00e9alit\u00e9 du terrain, apprennent \u00e0 s\u2019adapter \u00e0 diff\u00e9rents environnements professionnels et acqui\u00e8rent la rigueur n\u00e9cessaire au m\u00e9tier.<\/p>\n<p data-start=\"3418\" data-end=\"3764\">De plus, l\u2019\u00e9quipe p\u00e9dagogique assure un <strong data-start=\"3458\" data-end=\"3480\">suivi personnalis\u00e9<\/strong>. Chaque apprenant b\u00e9n\u00e9ficie d\u2019un accompagnement r\u00e9gulier, que ce soit pour la recherche d\u2019entreprise, le suivi en alternance ou la pr\u00e9paration \u00e0 l\u2019examen final.<br data-start=\"3641\" data-end=\"3644\" \/>Ce lien constant entre <strong data-start=\"3667\" data-end=\"3708\">formation et pratique professionnelle<\/strong> constitue une v\u00e9ritable force pour les futurs dipl\u00f4m\u00e9s.<\/p>\n<h2 data-start=\"3771\" data-end=\"3859\"><strong data-start=\"3774\" data-end=\"3859\">COFAE \/ Formations Vend\u00e9e : un acteur engag\u00e9 dans la r\u00e9ussite professionnelle<\/strong><\/h2>\n<h3 data-start=\"3861\" data-end=\"3920\"><strong data-start=\"3865\" data-end=\"3920\">Une formation tourn\u00e9e vers les m\u00e9tiers de demain<\/strong><\/h3>\n<p data-start=\"3922\" data-end=\"4199\">Les m\u00e9tiers de la vente et du commerce \u00e9voluent rapidement, port\u00e9s par les nouvelles technologies et les attentes des consommateurs.<br data-start=\"4054\" data-end=\"4057\" \/><a href=\"https:\/\/formations-vendee.com\/cofae\/\">COFAE<\/a> \/ Formations Vend\u00e9e s\u2019adapte continuellement \u00e0 ces changements pour offrir des programmes <strong data-start=\"4153\" data-end=\"4198\">modernes, concrets et professionnalisants<\/strong>.<\/p>\n<p data-start=\"4201\" data-end=\"4269\">Les formations dispens\u00e9es permettent d\u2019acc\u00e9der \u00e0 des postes vari\u00e9s :<\/p>\n<ul data-start=\"4270\" data-end=\"4413\">\n<li data-start=\"4270\" data-end=\"4296\">\n<p data-start=\"4272\" data-end=\"4296\">conseiller commercial,<\/p>\n<\/li>\n<li data-start=\"4297\" data-end=\"4321\">\n<p data-start=\"4299\" data-end=\"4321\">charg\u00e9 de client\u00e8le,<\/p>\n<\/li>\n<li data-start=\"4322\" data-end=\"4347\">\n<p data-start=\"4324\" data-end=\"4347\">responsable de rayon,<\/p>\n<\/li>\n<li data-start=\"4348\" data-end=\"4372\">\n<p data-start=\"4350\" data-end=\"4372\">technico-commercial,<\/p>\n<\/li>\n<li data-start=\"4373\" data-end=\"4413\">\n<p data-start=\"4375\" data-end=\"4413\">ou encore manager d\u2019\u00e9quipe de vente.<\/p>\n<\/li>\n<\/ul>\n<p data-start=\"4415\" data-end=\"4507\">Les apprenants sont ainsi pr\u00e9par\u00e9s \u00e0 r\u00e9pondre aux <strong data-start=\"4465\" data-end=\"4495\">enjeux actuels du commerce<\/strong>, tels que :<\/p>\n<ul data-start=\"4508\" data-end=\"4640\">\n<li data-start=\"4508\" data-end=\"4552\">\n<p data-start=\"4510\" data-end=\"4552\">la digitalisation de la relation client,<\/p>\n<\/li>\n<li data-start=\"4553\" data-end=\"4588\">\n<p data-start=\"4555\" data-end=\"4588\">le d\u00e9veloppement du e-commerce,<\/p>\n<\/li>\n<li data-start=\"4589\" data-end=\"4640\">\n<p data-start=\"4591\" data-end=\"4640\">ou la personnalisation de l\u2019exp\u00e9rience d\u2019achat.<\/p>\n<\/li>\n<\/ul>\n<p data-start=\"4642\" data-end=\"4889\">Gr\u00e2ce \u00e0 des <strong data-start=\"4654\" data-end=\"4685\">formateurs issus du terrain<\/strong>, les cours int\u00e8grent de nombreux cas pratiques, simulations et mises en situation r\u00e9elles.<br data-start=\"4776\" data-end=\"4779\" \/>Cette approche pragmatique favorise la mont\u00e9e en comp\u00e9tences et l\u2019employabilit\u00e9 imm\u00e9diate des jeunes dipl\u00f4m\u00e9s.<\/p>\n<h3 data-start=\"4896\" data-end=\"4965\"><strong data-start=\"4900\" data-end=\"4965\">Un accompagnement humain et professionnel jusqu\u2019\u00e0 l\u2019emploi<\/strong><\/h3>\n<p data-start=\"4967\" data-end=\"5229\">Au-del\u00e0 de la formation, <a href=\"https:\/\/formations-vendee.com\/cofae\/\">COFAE<\/a> \/ Formations Vend\u00e9e s\u2019engage dans un <strong data-start=\"5035\" data-end=\"5060\">accompagnement global<\/strong> de chaque apprenant.<br data-start=\"5081\" data-end=\"5084\" \/>L\u2019\u00e9tablissement croit profond\u00e9ment que la r\u00e9ussite professionnelle passe par une relation de confiance, une \u00e9coute attentive et un suivi continu.<\/p>\n<p data-start=\"5231\" data-end=\"5544\">Les \u00e9quipes de <strong data-start=\"5246\" data-end=\"5264\">Nathalie Pajot<\/strong>, <strong data-start=\"5266\" data-end=\"5284\">Nathalie Suire<\/strong> et <strong data-start=\"5288\" data-end=\"5308\">Caroline Foucher<\/strong> jouent un r\u00f4le cl\u00e9 dans cet accompagnement.<br data-start=\"5352\" data-end=\"5355\" \/>Elles assurent la liaison entre les \u00e9tudiants, les entreprises et les formateurs, facilitant ainsi la <strong data-start=\"5457\" data-end=\"5497\">mise en relation avec les recruteurs<\/strong> et la <strong data-start=\"5504\" data-end=\"5543\">signature des contrats d\u2019alternance<\/strong>.<\/p>\n<p data-start=\"5546\" data-end=\"5799\">Des ateliers CV, des simulations d\u2019entretien et des interventions de professionnels viennent compl\u00e9ter le dispositif.<br data-start=\"5663\" data-end=\"5666\" \/>L\u2019objectif : aider chaque apprenant \u00e0 se projeter dans son futur m\u00e9tier et \u00e0 se positionner avec assurance sur le march\u00e9 de l\u2019emploi.<\/p>\n<p data-start=\"5801\" data-end=\"6027\">L\u2019implication de l\u2019\u00e9quipe p\u00e9dagogique et administrative contribue \u00e0 cr\u00e9er un environnement propice \u00e0 la r\u00e9ussite.<br data-start=\"5914\" data-end=\"5917\" \/>Chaque r\u00e9ussite, chaque signature de contrat, chaque dipl\u00f4me obtenu est c\u00e9l\u00e9br\u00e9 comme une victoire collective.<\/p>\n","protected":false},"excerpt":{"rendered":"<p>La semaine derni\u00e8re, COFAE \/ Formations Vend\u00e9e a accueilli ses nouveaux apprenants pour la pr\u00e9-rentr\u00e9e des formations Vente et Commerciale. Une journ\u00e9e riche en \u00e9changes, en d\u00e9couvertes et en ambitions, marquant le d\u00e9but d\u2019une aventure professionnelle prometteuse. Mais que repr\u00e9sente r\u00e9ellement cette rentr\u00e9e pour les nouveaux apprenants ? Et pourquoi choisir COFAE \/ Formations Vend\u00e9e [&hellip;]<\/p>\n","protected":false},"author":652,"featured_media":81402,"comment_status":"open","ping_status":"open","sticky":false,"template":"","format":"standard","meta":{"_acf_changed":false,"_seopress_robots_primary_cat":"","_seopress_titles_title":"","_seopress_titles_desc":"","_seopress_robots_index":"","footnotes":""},"categories":[1],"tags":[],"class_list":["post-81401","post","type-post","status-publish","format-standard","has-post-thumbnail","hentry","category-non-classe"],"acf":[],"_links":{"self":[{"href":"https:\/\/formations-vendee.com\/cofae\/wp-json\/wp\/v2\/posts\/81401","targetHints":{"allow":["GET"]}}],"collection":[{"href":"https:\/\/formations-vendee.com\/cofae\/wp-json\/wp\/v2\/posts"}],"about":[{"href":"https:\/\/formations-vendee.com\/cofae\/wp-json\/wp\/v2\/types\/post"}],"author":[{"embeddable":true,"href":"https:\/\/formations-vendee.com\/cofae\/wp-json\/wp\/v2\/users\/652"}],"replies":[{"embeddable":true,"href":"https:\/\/formations-vendee.com\/cofae\/wp-json\/wp\/v2\/comments?post=81401"}],"version-history":[{"count":2,"href":"https:\/\/formations-vendee.com\/cofae\/wp-json\/wp\/v2\/posts\/81401\/revisions"}],"predecessor-version":[{"id":81404,"href":"https:\/\/formations-vendee.com\/cofae\/wp-json\/wp\/v2\/posts\/81401\/revisions\/81404"}],"wp:featuredmedia":[{"embeddable":true,"href":"https:\/\/formations-vendee.com\/cofae\/wp-json\/wp\/v2\/media\/81402"}],"wp:attachment":[{"href":"https:\/\/formations-vendee.com\/cofae\/wp-json\/wp\/v2\/media?parent=81401"}],"wp:term":[{"taxonomy":"category","embeddable":true,"href":"https:\/\/formations-vendee.com\/cofae\/wp-json\/wp\/v2\/categories?post=81401"},{"taxonomy":"post_tag","embeddable":true,"href":"https:\/\/formations-vendee.com\/cofae\/wp-json\/wp\/v2\/tags?post=81401"}],"curies":[{"name":"wp","href":"https:\/\/api.w.org\/{rel}","templated":true}]}}