{"id":80143,"date":"2025-03-12T12:38:57","date_gmt":"2025-03-12T11:38:57","guid":{"rendered":"https:\/\/formations-vendee.com\/cofae\/?p=80143"},"modified":"2025-03-12T12:38:57","modified_gmt":"2025-03-12T11:38:57","slug":"nouveau-titre-professionnel-employee-administratifve-et-daccueil","status":"publish","type":"post","link":"https:\/\/formations-vendee.com\/cofae\/2025\/03\/12\/nouveau-titre-professionnel-employee-administratifve-et-daccueil\/","title":{"rendered":"Nouveau Titre Professionnel : Employ\u00e9(e) Administratif(ve) et d\u2019Accueil"},"content":{"rendered":"<h2 data-pm-slice=\"1 1 []\">Une formation polyvalente pour un m\u00e9tier cl\u00e9<\/h2>\n<h3>Pourquoi choisir le titre professionnel Employ\u00e9(e) Administratif(ve) et d\u2019Accueil ?<\/h3>\n<p>Le secteur administratif joue un r\u00f4le essentiel dans le bon fonctionnement des entreprises, collectivit\u00e9s et associations. Pour r\u00e9pondre aux besoins croissants des organisations, <a href=\"https:\/\/formations-vendee.com\/cofae\/\">FORMATIONS VEND\u00c9E\/COFAE<\/a> lance un nouveau titre professionnel : Employ\u00e9(e) Administratif(ve) et d\u2019Accueil \u2705<\/p>\n<p>Cette formation professionnalisante vous permet d\u2019acqu\u00e9rir des comp\u00e9tences cl\u00e9s pour int\u00e9grer rapidement le march\u00e9 du travail. Que vous souhaitiez vous former en alternance ou en formation continue, ce programme s\u2019adapte \u00e0 vos besoins et \u00e0 votre rythme d\u2019apprentissage.<\/p>\n<p>Gr\u00e2ce \u00e0 ce titre professionnel, vous pourrez :<\/p>\n<p>\u2714\ufe0f Ma\u00eetriser les outils bureautiques (traitement de texte, tableur, outils collaboratifs).<\/p>\n<p>\u2714\ufe0f G\u00e9rer l\u2019accueil et la communication interne et externe d\u2019une structure.<\/p>\n<p>\u2714\ufe0f Organiser et traiter l\u2019information de mani\u00e8re efficace.<\/p>\n<p>\u2714\ufe0f D\u00e9velopper une posture professionnelle adapt\u00e9e aux attentes des employeurs.<\/p>\n<p>&nbsp;<\/p>\n<h3>Un programme ax\u00e9 sur les comp\u00e9tences essentielles<\/h3>\n<p>La formation \u00ab Employ\u00e9(e) Administratif(ve) et d\u2019Accueil \u00bb couvre un large \u00e9ventail de missions essentielles au sein d\u2019une entreprise ou d\u2019une organisation.<\/p>\n<p> R\u00e9alisation des travaux administratifs courants<\/p>\n<p> Pr\u00e9senter et mettre en forme des documents professionnels avec un traitement de texte.<\/p>\n<p> Saisir et mettre \u00e0 jour des donn\u00e9es avec un tableur.<\/p>\n<p> Utiliser des outils collaboratifs pour mieux communiquer et organiser l\u2019information.<\/p>\n<p> Trier et traiter les mails et le courrier entrants et sortants.<\/p>\n<p> Classer et archiver les documents et informations de mani\u00e8re efficace.<\/p>\n<p>&nbsp;<\/p>\n<p> Accueil et communication au sein d\u2019une structure<\/p>\n<p> Accueillir et orienter les visiteurs et les collaborateurs avec professionnalisme.<\/p>\n<p> G\u00e9rer les appels t\u00e9l\u00e9phoniques et transmettre les informations.<\/p>\n<p> R\u00e9pondre aux demandes d\u2019informations internes et externes.<\/p>\n<p> D\u00e9velopper des comp\u00e9tences relationnelles pour une communication fluide et efficace.<\/p>\n<h2>Une formation accessible et professionnalisante<\/h2>\n<h3>Alternance ou formation continue : Un choix adapt\u00e9 \u00e0 votre profil<\/h3>\n<p>Le titre professionnel Employ\u00e9(e) Administratif(ve) et d\u2019Accueil est disponible sous deux formats :<\/p>\n<p>\u27a1 En alternance : id\u00e9al pour acqu\u00e9rir de l\u2019exp\u00e9rience professionnelle tout en \u00e9tant r\u00e9mun\u00e9r\u00e9(e). Vous alternez entre p\u00e9riodes de cours et mise en pratique en entreprise.<\/p>\n<p>\u27a1 En formation continue : parfaite pour une reconversion professionnelle ou une mont\u00e9e en comp\u00e9tences rapide. Cette option vous permet d\u2019\u00eatre form\u00e9(e) en un temps r\u00e9duit avec un accompagnement individualis\u00e9.<\/p>\n<p>En choisissant <a href=\"https:\/\/formations-vendee.com\/cofae\/\">FORMATIONS VEND\u00c9E\/COFAE<\/a>, vous b\u00e9n\u00e9ficiez :<\/p>\n<p>\u2714\ufe0f D\u2019un accompagnement personnalis\u00e9 dans votre recherche d\u2019entreprise.<\/p>\n<p>\u2714\ufe0f D\u2019une \u00e9quipe p\u00e9dagogique experte en administration et gestion.<\/p>\n<p>\u2714\ufe0f D\u2019un r\u00e9seau d\u2019entreprises partenaires pr\u00eates \u00e0 recruter des alternants.<\/p>\n<p>\u2714\ufe0f D\u2019une formation pratique et professionnalisante, ax\u00e9e sur les comp\u00e9tences attendues par les employeurs.<\/p>\n<p>&nbsp;<\/p>\n<h3>Comment s\u2019inscrire ?<\/h3>\n<p>Vous souhaitez en savoir plus sur ce nouveau titre professionnel et int\u00e9grer la formation ? Contactez-nous d\u00e8s maintenant !<\/p>\n<p> Appelez-nous au 02 51 46 08 09<\/p>\n<p> Envoyez un mail \u00e0 <a>contact@formations-vendee.com<\/a><\/p>\n<p>Rejoignez-nous et boostez votre avenir professionnel avec une formation adapt\u00e9e aux besoins du march\u00e9 du travail !<\/p>\n","protected":false},"excerpt":{"rendered":"<p>Une formation polyvalente pour un m\u00e9tier cl\u00e9 Pourquoi choisir le titre professionnel Employ\u00e9(e) Administratif(ve) et d\u2019Accueil ? Le secteur administratif joue un r\u00f4le essentiel dans le bon fonctionnement des entreprises, collectivit\u00e9s et associations. Pour r\u00e9pondre aux besoins croissants des organisations, FORMATIONS VEND\u00c9E\/COFAE lance un nouveau titre professionnel : Employ\u00e9(e) Administratif(ve) et d\u2019Accueil \u2705 Cette formation [&hellip;]<\/p>\n","protected":false},"author":652,"featured_media":80145,"comment_status":"open","ping_status":"open","sticky":false,"template":"","format":"standard","meta":{"_acf_changed":false,"_seopress_robots_primary_cat":"","_seopress_titles_title":"","_seopress_titles_desc":"","_seopress_robots_index":"","footnotes":""},"categories":[1],"tags":[],"class_list":["post-80143","post","type-post","status-publish","format-standard","has-post-thumbnail","hentry","category-non-classe"],"acf":[],"_links":{"self":[{"href":"https:\/\/formations-vendee.com\/cofae\/wp-json\/wp\/v2\/posts\/80143","targetHints":{"allow":["GET"]}}],"collection":[{"href":"https:\/\/formations-vendee.com\/cofae\/wp-json\/wp\/v2\/posts"}],"about":[{"href":"https:\/\/formations-vendee.com\/cofae\/wp-json\/wp\/v2\/types\/post"}],"author":[{"embeddable":true,"href":"https:\/\/formations-vendee.com\/cofae\/wp-json\/wp\/v2\/users\/652"}],"replies":[{"embeddable":true,"href":"https:\/\/formations-vendee.com\/cofae\/wp-json\/wp\/v2\/comments?post=80143"}],"version-history":[{"count":1,"href":"https:\/\/formations-vendee.com\/cofae\/wp-json\/wp\/v2\/posts\/80143\/revisions"}],"predecessor-version":[{"id":80146,"href":"https:\/\/formations-vendee.com\/cofae\/wp-json\/wp\/v2\/posts\/80143\/revisions\/80146"}],"wp:featuredmedia":[{"embeddable":true,"href":"https:\/\/formations-vendee.com\/cofae\/wp-json\/wp\/v2\/media\/80145"}],"wp:attachment":[{"href":"https:\/\/formations-vendee.com\/cofae\/wp-json\/wp\/v2\/media?parent=80143"}],"wp:term":[{"taxonomy":"category","embeddable":true,"href":"https:\/\/formations-vendee.com\/cofae\/wp-json\/wp\/v2\/categories?post=80143"},{"taxonomy":"post_tag","embeddable":true,"href":"https:\/\/formations-vendee.com\/cofae\/wp-json\/wp\/v2\/tags?post=80143"}],"curies":[{"name":"wp","href":"https:\/\/api.w.org\/{rel}","templated":true}]}}