{"id":76524,"date":"2023-08-21T15:54:52","date_gmt":"2023-08-21T14:54:52","guid":{"rendered":"https:\/\/formations-vendee.com\/cofae\/?p=76524"},"modified":"2023-08-21T15:54:52","modified_gmt":"2023-08-21T14:54:52","slug":"le-parcours-inclupro-2eme-partie","status":"publish","type":"post","link":"https:\/\/formations-vendee.com\/cofae\/2023\/08\/21\/le-parcours-inclupro-2eme-partie\/","title":{"rendered":"Le parcours Inclu&rsquo;Pro, 2\u00e8me partie"},"content":{"rendered":"<p><a href=\"https:\/\/www.linkedin.com\/feed\/update\/urn:li:activity:7093138498970361856\">https:\/\/www.linkedin.com\/feed\/update\/urn:li:activity:7093138498970361856<\/a><\/p>\n<p>Le parcours Inclu&rsquo;Pro, 2\u00e8me partie <\/p>\n<p>Ce programme, qui permet d&rsquo;accompagner des personnes en situation de handicap dans leur nouveau projet professionnel, vous est pr\u00e9sent\u00e9 par Titouan, apprenant Inclu&rsquo;Pro, durant\u00a0sa p\u00e9riode de stage \u00e0 Formations-Vend\u00e9e (ESA &#8211; COFAE)<\/p>\n<p>R\u00e9alisation de diaporama, montage d&rsquo;un podcast, prise de photos et de vid\u00e9os, communication interne, cr\u00e9ation d&rsquo;un mailing&#8230; sont autant de missions dont Titouan vous parle<\/p>\n<p><a href=\"https:\/\/www.linkedin.com\/feed\/hashtag\/?keywords=cofae&amp;highlightedUpdateUrns=urn%3Ali%3Aactivity%3A7093138498970361856\" data-attribute-index=\"0\">#cofae<\/a>\u00a0<a href=\"https:\/\/www.linkedin.com\/feed\/hashtag\/?keywords=formationsvendee&amp;highlightedUpdateUrns=urn%3Ali%3Aactivity%3A7093138498970361856\" data-attribute-index=\"1\">#formationsvendee<\/a>\u00a0<a href=\"https:\/\/www.linkedin.com\/feed\/hashtag\/?keywords=inclupro&amp;highlightedUpdateUrns=urn%3Ali%3Aactivity%3A7093138498970361856\" data-attribute-index=\"2\">#inclupro<\/a>\u00a0<a href=\"https:\/\/www.linkedin.com\/feed\/hashtag\/?keywords=handicap&amp;highlightedUpdateUrns=urn%3Ali%3Aactivity%3A7093138498970361856\" data-attribute-index=\"3\">#handicap<\/a>\u00a0<a href=\"https:\/\/www.linkedin.com\/feed\/hashtag\/?keywords=projet&amp;highlightedUpdateUrns=urn%3Ali%3Aactivity%3A7093138498970361856\" data-attribute-index=\"4\">#projet<\/a>\u00a0<a href=\"https:\/\/www.linkedin.com\/feed\/hashtag\/?keywords=emploi&amp;highlightedUpdateUrns=urn%3Ali%3Aactivity%3A7093138498970361856\" data-attribute-index=\"5\">#emploi<\/a>\u00a0<a href=\"https:\/\/www.linkedin.com\/feed\/hashtag\/?keywords=work&amp;highlightedUpdateUrns=urn%3Ali%3Aactivity%3A7093138498970361856\" data-attribute-index=\"6\">#work<\/a><\/p>\n","protected":false},"excerpt":{"rendered":"<p>https:\/\/www.linkedin.com\/feed\/update\/urn:li:activity:7093138498970361856 Le parcours Inclu&rsquo;Pro, 2\u00e8me partie Ce programme, qui permet d&rsquo;accompagner des personnes en situation de handicap dans leur nouveau projet professionnel, vous est pr\u00e9sent\u00e9 par Titouan, apprenant Inclu&rsquo;Pro, durant\u00a0sa p\u00e9riode de stage \u00e0 Formations-Vend\u00e9e (ESA &#8211; COFAE) R\u00e9alisation de diaporama, montage d&rsquo;un podcast, prise de photos et de vid\u00e9os, communication interne, cr\u00e9ation d&rsquo;un mailing&#8230; [&hellip;]<\/p>\n","protected":false},"author":652,"featured_media":76527,"comment_status":"open","ping_status":"open","sticky":false,"template":"","format":"standard","meta":{"_acf_changed":false,"_seopress_robots_primary_cat":"","_seopress_titles_title":"","_seopress_titles_desc":"","_seopress_robots_index":"","footnotes":""},"categories":[1],"tags":[],"class_list":["post-76524","post","type-post","status-publish","format-standard","has-post-thumbnail","hentry","category-non-classe"],"acf":[],"_links":{"self":[{"href":"https:\/\/formations-vendee.com\/cofae\/wp-json\/wp\/v2\/posts\/76524","targetHints":{"allow":["GET"]}}],"collection":[{"href":"https:\/\/formations-vendee.com\/cofae\/wp-json\/wp\/v2\/posts"}],"about":[{"href":"https:\/\/formations-vendee.com\/cofae\/wp-json\/wp\/v2\/types\/post"}],"author":[{"embeddable":true,"href":"https:\/\/formations-vendee.com\/cofae\/wp-json\/wp\/v2\/users\/652"}],"replies":[{"embeddable":true,"href":"https:\/\/formations-vendee.com\/cofae\/wp-json\/wp\/v2\/comments?post=76524"}],"version-history":[{"count":1,"href":"https:\/\/formations-vendee.com\/cofae\/wp-json\/wp\/v2\/posts\/76524\/revisions"}],"predecessor-version":[{"id":76528,"href":"https:\/\/formations-vendee.com\/cofae\/wp-json\/wp\/v2\/posts\/76524\/revisions\/76528"}],"wp:featuredmedia":[{"embeddable":true,"href":"https:\/\/formations-vendee.com\/cofae\/wp-json\/wp\/v2\/media\/76527"}],"wp:attachment":[{"href":"https:\/\/formations-vendee.com\/cofae\/wp-json\/wp\/v2\/media?parent=76524"}],"wp:term":[{"taxonomy":"category","embeddable":true,"href":"https:\/\/formations-vendee.com\/cofae\/wp-json\/wp\/v2\/categories?post=76524"},{"taxonomy":"post_tag","embeddable":true,"href":"https:\/\/formations-vendee.com\/cofae\/wp-json\/wp\/v2\/tags?post=76524"}],"curies":[{"name":"wp","href":"https:\/\/api.w.org\/{rel}","templated":true}]}}